{"id":1302,"date":"2024-11-07T14:57:44","date_gmt":"2024-11-07T14:57:44","guid":{"rendered":"https:\/\/agenciaunicom.com.br\/blog\/?p=1302"},"modified":"2024-11-07T14:57:45","modified_gmt":"2024-11-07T14:57:45","slug":"deso-esta-presente-na-19a-semana-nacional-da-conciliacao","status":"publish","type":"post","link":"https:\/\/agenciaunicom.com.br\/blog\/deso-esta-presente-na-19a-semana-nacional-da-conciliacao\/","title":{"rendered":"Deso est\u00e1 presente na 19\u00aa Semana Nacional da Concilia\u00e7\u00e3o"},"content":{"rendered":"\n<p><em>A\u00e7\u00e3o promove solu\u00e7\u00f5es, agiliza procedimentos e tem aten\u00e7\u00e3o especial a pessoas de baixa renda<\/em><\/p>\n\n\n\n<p>A Companhia de Saneamento de Sergipe (Deso) est\u00e1 promovendo a regulariza\u00e7\u00e3o das d\u00edvidas dos usu\u00e1rios do estado, atrav\u00e9s do servi\u00e7o especial de atendimento voltado aos clientes com d\u00e9bitos em aberto, na 19\u00aa Semana Nacional da Concilia\u00e7\u00e3o. O evento realizado pelo Conselho Nacional de Justi\u00e7a (CNJ) teve in\u00edcio na \u00faltima segunda-feira, 4, e segue at\u00e9 a sexta, 8, sempre das 8h \u00e0s 15h, no N\u00facleo de Pr\u00e1ticas Jur\u00eddicas (NPJ) da Universidade Tiradentes (Unit), localizado na rua Lagarto, Centro de Aracaju.<\/p>\n\n\n\n<p>A Deso est\u00e1 de portas abertas para todos, com a proposta de acelera\u00e7\u00e3o e facilita\u00e7\u00e3o de processos conciliat\u00f3rios. O intuito \u00e9 oferecer solu\u00e7\u00f5es, agilizar procedimentos e condi\u00e7\u00f5es especiais de negocia\u00e7\u00e3o \u00e0s pessoas de baixa renda, com vantagens que incluem redu\u00e7\u00e3o do valor de entrada do pagamento da d\u00edvida, maior prazo de parcelamento, e exclus\u00e3o de juros e multas. De acordo com o Centro de Atendimento ao Cidad\u00e3o da empresa, os usu\u00e1rios de baixa renda ter\u00e3o uma maior celeridade na verifica\u00e7\u00e3o, permitindo acesso r\u00e1pido aos benef\u00edcios sociais.<\/p>\n\n\n\n<p><strong>Popula\u00e7\u00e3o<\/strong><\/p>\n\n\n\n<figure class=\"wp-block-image size-full is-resized\"><img loading=\"lazy\" decoding=\"async\" width=\"921\" height=\"614\" src=\"https:\/\/agenciaunicom.com.br\/blog\/wp-content\/uploads\/2024\/11\/1730915772_Edilenisson-Silva-Santana-Soares.jpg\" alt=\"\" class=\"wp-image-1303\" style=\"width:537px;height:auto\" srcset=\"https:\/\/agenciaunicom.com.br\/blog\/wp-content\/uploads\/2024\/11\/1730915772_Edilenisson-Silva-Santana-Soares.jpg 921w, https:\/\/agenciaunicom.com.br\/blog\/wp-content\/uploads\/2024\/11\/1730915772_Edilenisson-Silva-Santana-Soares-300x200.jpg 300w, https:\/\/agenciaunicom.com.br\/blog\/wp-content\/uploads\/2024\/11\/1730915772_Edilenisson-Silva-Santana-Soares-768x512.jpg 768w, https:\/\/agenciaunicom.com.br\/blog\/wp-content\/uploads\/2024\/11\/1730915772_Edilenisson-Silva-Santana-Soares-630x420.jpg 630w, https:\/\/agenciaunicom.com.br\/blog\/wp-content\/uploads\/2024\/11\/1730915772_Edilenisson-Silva-Santana-Soares-696x464.jpg 696w\" sizes=\"auto, (max-width: 921px) 100vw, 921px\" \/><figcaption class=\"wp-element-caption\">Edilenisson Silva Santana Soares<\/figcaption><\/figure>\n\n\n\n<p>O gar\u00e7om Edilenisson Silva Santana Soares aproveitou a oportunidade para regularizar sua situa\u00e7\u00e3o junto \u00e0 Deso, e afirmou que o atendimento foi muito eficiente, sendo a principal vantagem da 19\u00aa Semana Nacional da Concilia\u00e7\u00e3o. \u201cUm im\u00f3vel meu do interior acabou acumulando contas de \u00e1gua nos \u00faltimos quatro meses. Mas aqui, consegui resolver r\u00e1pido. Dei um valor de entrada e parcelei o restante em dez vezes. Facilitou bastante\u201d, frisou.<\/p>\n\n\n\n<figure class=\"wp-block-image size-full is-resized\"><img loading=\"lazy\" decoding=\"async\" width=\"921\" height=\"614\" src=\"https:\/\/agenciaunicom.com.br\/blog\/wp-content\/uploads\/2024\/11\/1730915772_Genivaldo-da-Silva.jpg\" alt=\"\" class=\"wp-image-1304\" style=\"width:535px;height:auto\" srcset=\"https:\/\/agenciaunicom.com.br\/blog\/wp-content\/uploads\/2024\/11\/1730915772_Genivaldo-da-Silva.jpg 921w, https:\/\/agenciaunicom.com.br\/blog\/wp-content\/uploads\/2024\/11\/1730915772_Genivaldo-da-Silva-300x200.jpg 300w, https:\/\/agenciaunicom.com.br\/blog\/wp-content\/uploads\/2024\/11\/1730915772_Genivaldo-da-Silva-768x512.jpg 768w, https:\/\/agenciaunicom.com.br\/blog\/wp-content\/uploads\/2024\/11\/1730915772_Genivaldo-da-Silva-630x420.jpg 630w, https:\/\/agenciaunicom.com.br\/blog\/wp-content\/uploads\/2024\/11\/1730915772_Genivaldo-da-Silva-696x464.jpg 696w\" sizes=\"auto, (max-width: 921px) 100vw, 921px\" \/><figcaption class=\"wp-element-caption\">Genivaldo da Silva<\/figcaption><\/figure>\n\n\n\n<p>J\u00e1 o aut\u00f4nomo Genivaldo da Silva ressaltou a rapidez com que foi atendido, al\u00e9m de ter recebido todas as informa\u00e7\u00f5es do servi\u00e7o em detalhes. \u201cNem sempre temos tempo para resolver tudo o que \u00e9 oferecido aqui, de forma facilitada. Vim aqui fazer uma concilia\u00e7\u00e3o e consegui. Est\u00e1 aprovado\u201d, expressou ele, que tamb\u00e9m foi inscrito no \u2018Tarifa Social\u2019 da Deso. <\/p>\n\n\n\n<figure class=\"wp-block-image size-full is-resized\"><img loading=\"lazy\" decoding=\"async\" width=\"921\" height=\"614\" src=\"https:\/\/agenciaunicom.com.br\/blog\/wp-content\/uploads\/2024\/11\/1730915772_Paulo-Nogueira-Fontes.jpg\" alt=\"\" class=\"wp-image-1305\" style=\"width:537px;height:auto\" srcset=\"https:\/\/agenciaunicom.com.br\/blog\/wp-content\/uploads\/2024\/11\/1730915772_Paulo-Nogueira-Fontes.jpg 921w, https:\/\/agenciaunicom.com.br\/blog\/wp-content\/uploads\/2024\/11\/1730915772_Paulo-Nogueira-Fontes-300x200.jpg 300w, https:\/\/agenciaunicom.com.br\/blog\/wp-content\/uploads\/2024\/11\/1730915772_Paulo-Nogueira-Fontes-768x512.jpg 768w, https:\/\/agenciaunicom.com.br\/blog\/wp-content\/uploads\/2024\/11\/1730915772_Paulo-Nogueira-Fontes-630x420.jpg 630w, https:\/\/agenciaunicom.com.br\/blog\/wp-content\/uploads\/2024\/11\/1730915772_Paulo-Nogueira-Fontes-696x464.jpg 696w\" sizes=\"auto, (max-width: 921px) 100vw, 921px\" \/><figcaption class=\"wp-element-caption\">Paulo Nogueira Fontes<\/figcaption><\/figure>\n\n\n\n<p>Em vez de levar \u00e0 Justi\u00e7a uma d\u00edvida relacionada a esgotamento sanit\u00e1rio, o aposentado Paulo Nogueira Fontes resolveu negociar com a Deso, em um processo conciliat\u00f3rio. \u201cA empresa est\u00e1 de parab\u00e9ns por oferecer este canal de comunica\u00e7\u00e3o com a popula\u00e7\u00e3o, permitindo que os problemas sejam resolvidos de forma mais simples e r\u00e1pida. O importante \u00e9 que o resultado seja satisfat\u00f3rio a todos\u201d, ressaltou.<\/p>\n","protected":false},"excerpt":{"rendered":"<p>A\u00e7\u00e3o promove solu\u00e7\u00f5es, agiliza procedimentos e tem aten\u00e7\u00e3o especial a pessoas de baixa renda A Companhia de Saneamento de Sergipe (Deso) est\u00e1 promovendo a regulariza\u00e7\u00e3o das d\u00edvidas dos usu\u00e1rios do estado, atrav\u00e9s do servi\u00e7o especial de atendimento voltado aos clientes com d\u00e9bitos em aberto, na 19\u00aa Semana Nacional da Concilia\u00e7\u00e3o. O evento realizado pelo Conselho [&hellip;]<\/p>\n","protected":false},"author":1,"featured_media":1306,"comment_status":"open","ping_status":"open","sticky":false,"template":"","format":"standard","meta":{"om_disable_all_campaigns":false,"footnotes":""},"categories":[16],"tags":[29,257,93,130,20,258],"class_list":{"0":"post-1302","1":"post","2":"type-post","3":"status-publish","4":"format-standard","5":"has-post-thumbnail","7":"category-noticias","8":"tag-aracaju","9":"tag-conciliacao","10":"tag-deso","11":"tag-saneamento","12":"tag-sergipe","13":"tag-solucoes"},"_links":{"self":[{"href":"https:\/\/agenciaunicom.com.br\/blog\/wp-json\/wp\/v2\/posts\/1302","targetHints":{"allow":["GET"]}}],"collection":[{"href":"https:\/\/agenciaunicom.com.br\/blog\/wp-json\/wp\/v2\/posts"}],"about":[{"href":"https:\/\/agenciaunicom.com.br\/blog\/wp-json\/wp\/v2\/types\/post"}],"author":[{"embeddable":true,"href":"https:\/\/agenciaunicom.com.br\/blog\/wp-json\/wp\/v2\/users\/1"}],"replies":[{"embeddable":true,"href":"https:\/\/agenciaunicom.com.br\/blog\/wp-json\/wp\/v2\/comments?post=1302"}],"version-history":[{"count":1,"href":"https:\/\/agenciaunicom.com.br\/blog\/wp-json\/wp\/v2\/posts\/1302\/revisions"}],"predecessor-version":[{"id":1307,"href":"https:\/\/agenciaunicom.com.br\/blog\/wp-json\/wp\/v2\/posts\/1302\/revisions\/1307"}],"wp:featuredmedia":[{"embeddable":true,"href":"https:\/\/agenciaunicom.com.br\/blog\/wp-json\/wp\/v2\/media\/1306"}],"wp:attachment":[{"href":"https:\/\/agenciaunicom.com.br\/blog\/wp-json\/wp\/v2\/media?parent=1302"}],"wp:term":[{"taxonomy":"category","embeddable":true,"href":"https:\/\/agenciaunicom.com.br\/blog\/wp-json\/wp\/v2\/categories?post=1302"},{"taxonomy":"post_tag","embeddable":true,"href":"https:\/\/agenciaunicom.com.br\/blog\/wp-json\/wp\/v2\/tags?post=1302"}],"curies":[{"name":"wp","href":"https:\/\/api.w.org\/{rel}","templated":true}]}}