{"id":1348,"date":"2025-03-17T03:19:19","date_gmt":"2025-03-17T03:19:19","guid":{"rendered":"https:\/\/agenciaunicom.com.br\/blog\/?p=1348"},"modified":"2025-03-17T03:19:20","modified_gmt":"2025-03-17T03:19:20","slug":"ministro-marcio-macedo-assina-ordem-de-servico-da-expansao-do-hospital-universitario-de-lagarto","status":"publish","type":"post","link":"https:\/\/agenciaunicom.com.br\/blog\/ministro-marcio-macedo-assina-ordem-de-servico-da-expansao-do-hospital-universitario-de-lagarto\/","title":{"rendered":"Ministro Marcio Macedo assina ordem de servi\u00e7o da expans\u00e3o do Hospital Universit\u00e1rio de Lagarto"},"content":{"rendered":"\n<p><em>Fonte: ASCOM\\SGPR<br>Foto: GRACCHO\\ASCOM\\SGPR<\/em><\/p>\n\n\n\n<p>O ministro M\u00e1rcio Macedo, da Secretaria-Geral da Presid\u00eancia da Rep\u00fablica, participou do ato de assinatura da ordem de servi\u00e7o para a constru\u00e7\u00e3o do Complexo Administrativo, de Ensino, Pesquisa e Imagem do Hospital Universit\u00e1rio de Lagarto, munic\u00edpio de Sergipe. O evento foi realizado na \u00faltima desta sexta-feira, 14.<\/p>\n\n\n\n<p>Ao lado do presidente da Empresa Brasileira de Servi\u00e7os Hospitalares (Ebserh), Arthur Chioro, o ministro representou o governo federal e autorizou o investimento de R$ 39,8 milh\u00f5es para a obra, para fortalecer o ensino, a pesquisa e a assist\u00eancia hospitalar, beneficiando milhares de pessoas em Sergipe e na Bahia.<\/p>\n\n\n\n<p>O ministro iniciou seu discurso fazendo uma retrospectiva do in\u00edcio das obras. &#8220;Desci do carro, coloquei os p\u00e9s na cidade de Lagarto e me veio \u00e0 cabe\u00e7a um filme. Um filme com v\u00e1rios protagonistas, sendo o principal o povo, mas com personagens como Marcelo D\u00e9da e Luiz In\u00e1cio Lula da Silva. Estamos voltando aqui, e algumas pessoas que estavam naquele dia est\u00e3o presentes, junto com outras tantas que se somam para a assinatura da ordem de servi\u00e7o para a constru\u00e7\u00e3o de um novo Hospital Universit\u00e1rio, que vai ajudar na miss\u00e3o de cuidar do nosso povo e da nossa gente&#8221;, relembrou Mac\u00eado.<\/p>\n\n\n\n<p>\u201cPor determina\u00e7\u00e3o do presidente Lula, estamos assinando a ordem de servi\u00e7o de um lado, e, do outro, as m\u00e1quinas come\u00e7am a trabalhar, com a obra j\u00e1 em andamento e o dinheiro na conta, para que esse sonho se torne realidade. S\u00f3 vale a pena estar na pol\u00edtica e na gest\u00e3o para isso: mudar a vida das pessoas para melhor&#8221;, enfatizou o ministro.<\/p>\n\n\n\n<figure class=\"wp-block-image size-large is-resized\"><img loading=\"lazy\" decoding=\"async\" width=\"1024\" height=\"682\" src=\"https:\/\/agenciaunicom.com.br\/blog\/wp-content\/uploads\/2025\/03\/Denisson-Rosendo-4-scaled-1-1024x682.jpeg\" alt=\"\" class=\"wp-image-1349\" style=\"width:537px;height:auto\" srcset=\"https:\/\/agenciaunicom.com.br\/blog\/wp-content\/uploads\/2025\/03\/Denisson-Rosendo-4-scaled-1-1024x682.jpeg 1024w, https:\/\/agenciaunicom.com.br\/blog\/wp-content\/uploads\/2025\/03\/Denisson-Rosendo-4-scaled-1-300x200.jpeg 300w, https:\/\/agenciaunicom.com.br\/blog\/wp-content\/uploads\/2025\/03\/Denisson-Rosendo-4-scaled-1-768x512.jpeg 768w, https:\/\/agenciaunicom.com.br\/blog\/wp-content\/uploads\/2025\/03\/Denisson-Rosendo-4-scaled-1-1536x1024.jpeg 1536w, https:\/\/agenciaunicom.com.br\/blog\/wp-content\/uploads\/2025\/03\/Denisson-Rosendo-4-scaled-1-2048x1365.jpeg 2048w, https:\/\/agenciaunicom.com.br\/blog\/wp-content\/uploads\/2025\/03\/Denisson-Rosendo-4-scaled-1-630x420.jpeg 630w, https:\/\/agenciaunicom.com.br\/blog\/wp-content\/uploads\/2025\/03\/Denisson-Rosendo-4-scaled-1-696x464.jpeg 696w, https:\/\/agenciaunicom.com.br\/blog\/wp-content\/uploads\/2025\/03\/Denisson-Rosendo-4-scaled-1-1068x712.jpeg 1068w, https:\/\/agenciaunicom.com.br\/blog\/wp-content\/uploads\/2025\/03\/Denisson-Rosendo-4-scaled-1-1920x1280.jpeg 1920w, https:\/\/agenciaunicom.com.br\/blog\/wp-content\/uploads\/2025\/03\/Denisson-Rosendo-4-scaled-1-1200x800.jpeg 1200w\" sizes=\"auto, (max-width: 1024px) 100vw, 1024px\" \/><figcaption class=\"wp-element-caption\">O projeto fortalecer\u00e1 a forma\u00e7\u00e3o acad\u00eamica dos estudantes da \u00e1rea da sa\u00fade da UFS.<br>Foto: Denisson Rosendo<\/figcaption><\/figure>\n\n\n\n<p>O presidente da Empresa Brasileira de Servi\u00e7os Hospitalares (Ebserh), Arthur Chioro, explicou o impacto da obra na qualidade da forma\u00e7\u00e3o de novos profissionais de sa\u00fade. &#8220;Este \u00e9 um momento importante para celebrar essa obra, resultado de parceria com o ministro M\u00e1rcio Mac\u00eado, que priorizou a obra. Estamos buscando melhores condi\u00e7\u00f5es de trabalho, ensino e atendimento \u00e0 popula\u00e7\u00e3o. O recurso est\u00e1 empenhado, a obra est\u00e1 em andamento, com um laborat\u00f3rio moderno, ambulat\u00f3rio de especialidades e uma rede onde o HU desempenhar\u00e1 um papel fundamental&#8221;, afirmou Chioro, destacando o compromisso da Ebserh com a melhoria da infraestrutura hospitalar e educacional.<\/p>\n\n\n\n<p>O vice-governador e secret\u00e1rio estadual da Educa\u00e7\u00e3o, Zezinho Sobral ressaltou a import\u00e2ncia do investimento na obra e seu reflexo na qualidade da educa\u00e7\u00e3o e do atendimento. &#8220;S\u00e3o 40 milh\u00f5es investidos aqui, o que vai melhorar a qualidade do ensino, proporcionar oportunidades de conhecimento, gerar empregos e complementar a\u00e7\u00f5es integradas.\u201d afirmou Sobral, destacando a import\u00e2ncia do projeto para o desenvolvimento da regi\u00e3o.<\/p>\n\n\n\n<p>O Complexo ter\u00e1 uma \u00e1rea total de 6 mil metros quadrados e contar\u00e1 com laborat\u00f3rio de Patologias Cl\u00ednicas, Centro de Imagem, biblioteca, salas de aula, laborat\u00f3rio de Tecnologia da Informa\u00e7\u00e3o, audit\u00f3rios e \u00e1reas t\u00e9cnicas. O projeto fortalecer\u00e1 a forma\u00e7\u00e3o acad\u00eamica dos estudantes da \u00e1rea da sa\u00fade da UFS e melhorar\u00e1 o atendimento aos pacientes, garantindo mais efici\u00eancia nos servi\u00e7os de diagn\u00f3stico e tratamento hospitalar.<\/p>\n\n\n\n<p>A obra est\u00e1 alinhada aos objetivos do Novo PAC, contribuindo para o aprimoramento da infraestrutura hospitalar nas regi\u00f5es do interior do pa\u00eds, a forma\u00e7\u00e3o de profissionais qualificados para o SUS, a amplia\u00e7\u00e3o do acesso \u00e0 sa\u00fade e ao ensino de qualidade.<\/p>\n\n\n\n<p>O prefeito de Lagarto, S\u00e9rgio Reis, mostrou sua alegria com a obra de expans\u00e3o. &#8221; Estamos muito felizes e satisfeitos com esta obra, que vai trazer mais desenvolvimento e melhorar a presta\u00e7\u00e3o de servi\u00e7os de sa\u00fade na nossa cidade&#8221;, declarou o prefeito.<\/p>\n","protected":false},"excerpt":{"rendered":"<p>Fonte: ASCOM\\SGPRFoto: GRACCHO\\ASCOM\\SGPR O ministro M\u00e1rcio Macedo, da Secretaria-Geral da Presid\u00eancia da Rep\u00fablica, participou do ato de assinatura da ordem de servi\u00e7o para a constru\u00e7\u00e3o do Complexo Administrativo, de Ensino, Pesquisa e Imagem do Hospital Universit\u00e1rio de Lagarto, munic\u00edpio de Sergipe. O evento foi realizado na \u00faltima desta sexta-feira, 14. Ao lado do presidente da [&hellip;]<\/p>\n","protected":false},"author":1,"featured_media":1350,"comment_status":"open","ping_status":"open","sticky":false,"template":"","format":"standard","meta":{"om_disable_all_campaigns":false,"footnotes":""},"categories":[16],"tags":[193,278,276,277,236,20],"class_list":{"0":"post-1348","1":"post","2":"type-post","3":"status-publish","4":"format-standard","5":"has-post-thumbnail","7":"category-noticias","8":"tag-governo-federal","9":"tag-hospital-universitario-de-lagarto","10":"tag-marcio-macedo-3","11":"tag-ministro-marcio-macedo-2","12":"tag-secretaria-geral-da-presidencia-da-republica","13":"tag-sergipe"},"_links":{"self":[{"href":"https:\/\/agenciaunicom.com.br\/blog\/wp-json\/wp\/v2\/posts\/1348","targetHints":{"allow":["GET"]}}],"collection":[{"href":"https:\/\/agenciaunicom.com.br\/blog\/wp-json\/wp\/v2\/posts"}],"about":[{"href":"https:\/\/agenciaunicom.com.br\/blog\/wp-json\/wp\/v2\/types\/post"}],"author":[{"embeddable":true,"href":"https:\/\/agenciaunicom.com.br\/blog\/wp-json\/wp\/v2\/users\/1"}],"replies":[{"embeddable":true,"href":"https:\/\/agenciaunicom.com.br\/blog\/wp-json\/wp\/v2\/comments?post=1348"}],"version-history":[{"count":1,"href":"https:\/\/agenciaunicom.com.br\/blog\/wp-json\/wp\/v2\/posts\/1348\/revisions"}],"predecessor-version":[{"id":1351,"href":"https:\/\/agenciaunicom.com.br\/blog\/wp-json\/wp\/v2\/posts\/1348\/revisions\/1351"}],"wp:featuredmedia":[{"embeddable":true,"href":"https:\/\/agenciaunicom.com.br\/blog\/wp-json\/wp\/v2\/media\/1350"}],"wp:attachment":[{"href":"https:\/\/agenciaunicom.com.br\/blog\/wp-json\/wp\/v2\/media?parent=1348"}],"wp:term":[{"taxonomy":"category","embeddable":true,"href":"https:\/\/agenciaunicom.com.br\/blog\/wp-json\/wp\/v2\/categories?post=1348"},{"taxonomy":"post_tag","embeddable":true,"href":"https:\/\/agenciaunicom.com.br\/blog\/wp-json\/wp\/v2\/tags?post=1348"}],"curies":[{"name":"wp","href":"https:\/\/api.w.org\/{rel}","templated":true}]}}