{"id":1353,"date":"2025-03-28T02:39:45","date_gmt":"2025-03-28T02:39:45","guid":{"rendered":"https:\/\/agenciaunicom.com.br\/blog\/?p=1353"},"modified":"2025-03-28T02:39:46","modified_gmt":"2025-03-28T02:39:46","slug":"prefeitura-de-aracaju-lanca-radioagencia-e-amplia-canais-de-comunicacao-institucional","status":"publish","type":"post","link":"https:\/\/agenciaunicom.com.br\/blog\/prefeitura-de-aracaju-lanca-radioagencia-e-amplia-canais-de-comunicacao-institucional\/","title":{"rendered":"Prefeitura de Aracaju lan\u00e7a Radioag\u00eancia e amplia canais de comunica\u00e7\u00e3o institucional"},"content":{"rendered":"\n<p><em>Fonte: PMA<br>Fotos: Secom\/PMA<\/em><\/p>\n\n\n\n<p>A Prefeitura de Aracaju, por meio da Secretaria de Comunica\u00e7\u00e3o (Secom), lan\u00e7ou a Radioag\u00eancia, um novo canal voltado para a divulga\u00e7\u00e3o de informa\u00e7\u00f5es e servi\u00e7os de interesse dos aracajuanos. A iniciativa da Secom, comandada pelo secret\u00e1rio e vice-prefeito Ricardo Marques, refor\u00e7a o compromisso da gest\u00e3o com a transpar\u00eancia e o acesso \u00e0 informa\u00e7\u00e3o. O lan\u00e7amento faz parte das atividades programadas para comemorar os 170 anos de Aracaju.<\/p>\n\n\n\n<p>Esse \u00e9 mais um produto idealizado e executado pela Secom. A Radioag\u00eancia oferecer\u00e1 boletins informativos, entrevistas com gestores e conte\u00fados sobre cultura, educa\u00e7\u00e3o, sa\u00fade e outros temas essenciais para o dia a dia da cidade. Outra novidade \u00e9 a disponibilidade de \u00e1udios oficiais com gestores, que poder\u00e3o ser veiculados pelos programas jornal\u00edsticos locais, encurtando o caminho entre a not\u00edcia institucional e a imprensa.<\/p>\n\n\n\n<figure class=\"wp-block-image size-full is-resized\"><img loading=\"lazy\" decoding=\"async\" width=\"556\" height=\"402\" src=\"https:\/\/agenciaunicom.com.br\/blog\/wp-content\/uploads\/2025\/03\/Secretario-de-Comunicacao-Ricardo-Marques_1.jpg\" alt=\"\" class=\"wp-image-1354\" style=\"width:533px;height:auto\" srcset=\"https:\/\/agenciaunicom.com.br\/blog\/wp-content\/uploads\/2025\/03\/Secretario-de-Comunicacao-Ricardo-Marques_1.jpg 556w, https:\/\/agenciaunicom.com.br\/blog\/wp-content\/uploads\/2025\/03\/Secretario-de-Comunicacao-Ricardo-Marques_1-300x217.jpg 300w, https:\/\/agenciaunicom.com.br\/blog\/wp-content\/uploads\/2025\/03\/Secretario-de-Comunicacao-Ricardo-Marques_1-324x235.jpg 324w\" sizes=\"auto, (max-width: 556px) 100vw, 556px\" \/><figcaption class=\"wp-element-caption\">Ricardo Marques \u00e9 vice-prefeito e secret\u00e1rio de Comunica\u00e7\u00e3o da Prefeitura de Aracaju.<\/figcaption><\/figure>\n\n\n\n<p>O vice-prefeito e secret\u00e1rio de Comunica\u00e7\u00e3o, Ricardo Marques, destacou a import\u00e2ncia do novo canal. &#8220;A Radioag\u00eancia \u00e9 um novo canal da Prefeitura de Aracaju para agilizar o acesso \u00e0s informa\u00e7\u00f5es da gest\u00e3o municipal. Vamos oferecer, gratuitamente, conte\u00fados jornal\u00edsticos para r\u00e1dios de todo o estado, garantindo mais transpar\u00eancia e democratiza\u00e7\u00e3o da informa\u00e7\u00e3o. Diariamente, disponibilizaremos boletins, entrevistas e reportagens sobre sa\u00fade, tr\u00e2nsito, educa\u00e7\u00e3o e outros temas, tudo acess\u00edvel pelo site www.aracaju.se.gov.br\/radioagencia. Com essa iniciativa, refor\u00e7amos o compromisso com uma comunica\u00e7\u00e3o clara, acess\u00edvel e transparente,&#8221; enfatizou.<\/p>\n\n\n\n<figure class=\"wp-block-image size-full is-resized\"><img loading=\"lazy\" decoding=\"async\" width=\"1024\" height=\"682\" src=\"https:\/\/agenciaunicom.com.br\/blog\/wp-content\/uploads\/2025\/03\/Radialista-Alex-Carvalho.jpg\" alt=\"\" class=\"wp-image-1355\" style=\"width:535px;height:auto\" srcset=\"https:\/\/agenciaunicom.com.br\/blog\/wp-content\/uploads\/2025\/03\/Radialista-Alex-Carvalho.jpg 1024w, https:\/\/agenciaunicom.com.br\/blog\/wp-content\/uploads\/2025\/03\/Radialista-Alex-Carvalho-300x200.jpg 300w, https:\/\/agenciaunicom.com.br\/blog\/wp-content\/uploads\/2025\/03\/Radialista-Alex-Carvalho-768x512.jpg 768w, https:\/\/agenciaunicom.com.br\/blog\/wp-content\/uploads\/2025\/03\/Radialista-Alex-Carvalho-631x420.jpg 631w, https:\/\/agenciaunicom.com.br\/blog\/wp-content\/uploads\/2025\/03\/Radialista-Alex-Carvalho-696x464.jpg 696w\" sizes=\"auto, (max-width: 1024px) 100vw, 1024px\" \/><figcaption class=\"wp-element-caption\">Alex Carvalho<\/figcaption><\/figure>\n\n\n\n<p>O presidente do Sindicato dos Radialistas do Estado de Sergipe, Alex Carvalho, ressaltou que a iniciativa fortalece os programas jornal\u00edsticos da capital e combate a desinforma\u00e7\u00e3o. &#8220;A Radioag\u00eancia da Prefeitura de Aracaju fortalece os programas jornal\u00edsticos da capital, trazendo informa\u00e7\u00f5es precisas sobre as a\u00e7\u00f5es municipais e ajudando no combate \u00e0s <em>fake news<\/em>. Em nome de todos os comunicadores do Estado de Sergipe, parabenizo essa iniciativa que valoriza o trabalho da imprensa e refor\u00e7a o compromisso com a informa\u00e7\u00e3o de qualidade.&#8221;<\/p>\n\n\n\n<figure class=\"wp-block-image size-full is-resized\"><img loading=\"lazy\" decoding=\"async\" width=\"610\" height=\"370\" src=\"https:\/\/agenciaunicom.com.br\/blog\/wp-content\/uploads\/2025\/03\/Radialista-Fernando-Cabral.jpg\" alt=\"\" class=\"wp-image-1356\" style=\"width:537px;height:auto\" srcset=\"https:\/\/agenciaunicom.com.br\/blog\/wp-content\/uploads\/2025\/03\/Radialista-Fernando-Cabral.jpg 610w, https:\/\/agenciaunicom.com.br\/blog\/wp-content\/uploads\/2025\/03\/Radialista-Fernando-Cabral-300x182.jpg 300w\" sizes=\"auto, (max-width: 610px) 100vw, 610px\" \/><figcaption class=\"wp-element-caption\">Fernando Cabral<\/figcaption><\/figure>\n\n\n\n<p>O coordenador nacional da Federa\u00e7\u00e3o dos Radialistas do Brasil (FITERT), Fernando Cabral, tamb\u00e9m elogiou a cria\u00e7\u00e3o do novo canal. &#8220;A cria\u00e7\u00e3o de uma radioag\u00eancia \u00e9 de fundamental import\u00e2ncia, pois aproxima a informa\u00e7\u00e3o dos profissionais de r\u00e1dio e televis\u00e3o, garantindo que as not\u00edcias cheguem com mais rapidez \u00e0 sociedade. Parab\u00e9ns ao vice-prefeito e secret\u00e1rio de Comunica\u00e7\u00e3o, Ricardo Marques, pela iniciativa.&#8221;<\/p>\n\n\n\n<figure class=\"wp-block-image size-large is-resized\"><img loading=\"lazy\" decoding=\"async\" width=\"818\" height=\"1024\" src=\"https:\/\/agenciaunicom.com.br\/blog\/wp-content\/uploads\/2025\/03\/Radialista-Elder-Santos-818x1024.jpg\" alt=\"\" class=\"wp-image-1357\" style=\"width:377px;height:auto\" srcset=\"https:\/\/agenciaunicom.com.br\/blog\/wp-content\/uploads\/2025\/03\/Radialista-Elder-Santos-818x1024.jpg 818w, https:\/\/agenciaunicom.com.br\/blog\/wp-content\/uploads\/2025\/03\/Radialista-Elder-Santos-240x300.jpg 240w, https:\/\/agenciaunicom.com.br\/blog\/wp-content\/uploads\/2025\/03\/Radialista-Elder-Santos-768x962.jpg 768w, https:\/\/agenciaunicom.com.br\/blog\/wp-content\/uploads\/2025\/03\/Radialista-Elder-Santos-335x420.jpg 335w, https:\/\/agenciaunicom.com.br\/blog\/wp-content\/uploads\/2025\/03\/Radialista-Elder-Santos-300x376.jpg 300w, https:\/\/agenciaunicom.com.br\/blog\/wp-content\/uploads\/2025\/03\/Radialista-Elder-Santos-696x871.jpg 696w, https:\/\/agenciaunicom.com.br\/blog\/wp-content\/uploads\/2025\/03\/Radialista-Elder-Santos.jpg 1024w\" sizes=\"auto, (max-width: 818px) 100vw, 818px\" \/><figcaption class=\"wp-element-caption\">Elder Santos<\/figcaption><\/figure>\n\n\n\n<p>Para o radialista Elder Santos, produtor da Rio FM, a Radioag\u00eancia chega em um momento estrat\u00e9gico. &#8220;Vivemos uma era de novas tecnologias e m\u00faltiplas formas de informar e orientar a popula\u00e7\u00e3o. O r\u00e1dio continua forte e presente em diferentes espa\u00e7os. A Prefeitura acerta ao lan\u00e7ar essa iniciativa, que merece ser valorizada e incentivada.&#8221;<\/p>\n\n\n\n<figure class=\"wp-block-image size-full is-resized\"><img loading=\"lazy\" decoding=\"async\" width=\"1024\" height=\"1020\" src=\"https:\/\/agenciaunicom.com.br\/blog\/wp-content\/uploads\/2025\/03\/Jornalista-Alessandra-Franco.jpg\" alt=\"\" class=\"wp-image-1358\" style=\"width:375px;height:auto\" srcset=\"https:\/\/agenciaunicom.com.br\/blog\/wp-content\/uploads\/2025\/03\/Jornalista-Alessandra-Franco.jpg 1024w, https:\/\/agenciaunicom.com.br\/blog\/wp-content\/uploads\/2025\/03\/Jornalista-Alessandra-Franco-300x299.jpg 300w, https:\/\/agenciaunicom.com.br\/blog\/wp-content\/uploads\/2025\/03\/Jornalista-Alessandra-Franco-150x150.jpg 150w, https:\/\/agenciaunicom.com.br\/blog\/wp-content\/uploads\/2025\/03\/Jornalista-Alessandra-Franco-768x765.jpg 768w, https:\/\/agenciaunicom.com.br\/blog\/wp-content\/uploads\/2025\/03\/Jornalista-Alessandra-Franco-422x420.jpg 422w, https:\/\/agenciaunicom.com.br\/blog\/wp-content\/uploads\/2025\/03\/Jornalista-Alessandra-Franco-696x693.jpg 696w\" sizes=\"auto, (max-width: 1024px) 100vw, 1024px\" \/><figcaption class=\"wp-element-caption\">Alessandra Franco<\/figcaption><\/figure>\n\n\n\n<p>A coordenadora de R\u00e1dio e TV da Secom, Alessandra Franco, refor\u00e7ou que o novo canal facilitar\u00e1 o trabalho da imprensa. &#8220;Esse novo canal chega para estreitar a comunica\u00e7\u00e3o entre a administra\u00e7\u00e3o p\u00fablica, a popula\u00e7\u00e3o e os ve\u00edculos de imprensa. Diariamente, disponibilizaremos conte\u00fados em \u00e1udio que poder\u00e3o ser ouvidos e\/ou baixados, oferecendo material atualizado e de qualidade para embasar reportagens e programas jornal\u00edsticos. Al\u00e9m de ser uma fonte confi\u00e1vel de informa\u00e7\u00e3o, a Radioag\u00eancia facilita o trabalho das reda\u00e7\u00f5es, tornando o acesso \u00e0s declara\u00e7\u00f5es oficiais mais \u00e1gil e pr\u00e1tico.&#8221;<\/p>\n","protected":false},"excerpt":{"rendered":"<p>Fonte: PMAFotos: Secom\/PMA A Prefeitura de Aracaju, por meio da Secretaria de Comunica\u00e7\u00e3o (Secom), lan\u00e7ou a Radioag\u00eancia, um novo canal voltado para a divulga\u00e7\u00e3o de informa\u00e7\u00f5es e servi\u00e7os de interesse dos aracajuanos. A iniciativa da Secom, comandada pelo secret\u00e1rio e vice-prefeito Ricardo Marques, refor\u00e7a o compromisso da gest\u00e3o com a transpar\u00eancia e o acesso \u00e0 [&hellip;]<\/p>\n","protected":false},"author":1,"featured_media":1359,"comment_status":"open","ping_status":"open","sticky":false,"template":"","format":"standard","meta":{"om_disable_all_campaigns":false,"footnotes":""},"categories":[16],"tags":[280,78,279,261,281],"class_list":{"0":"post-1353","1":"post","2":"type-post","3":"status-publish","4":"format-standard","5":"has-post-thumbnail","7":"category-noticias","8":"tag-comunicacao","9":"tag-prefeitura-de-aracaju","10":"tag-radioagencia","11":"tag-ricardo-marques","12":"tag-secom"},"_links":{"self":[{"href":"https:\/\/agenciaunicom.com.br\/blog\/wp-json\/wp\/v2\/posts\/1353","targetHints":{"allow":["GET"]}}],"collection":[{"href":"https:\/\/agenciaunicom.com.br\/blog\/wp-json\/wp\/v2\/posts"}],"about":[{"href":"https:\/\/agenciaunicom.com.br\/blog\/wp-json\/wp\/v2\/types\/post"}],"author":[{"embeddable":true,"href":"https:\/\/agenciaunicom.com.br\/blog\/wp-json\/wp\/v2\/users\/1"}],"replies":[{"embeddable":true,"href":"https:\/\/agenciaunicom.com.br\/blog\/wp-json\/wp\/v2\/comments?post=1353"}],"version-history":[{"count":1,"href":"https:\/\/agenciaunicom.com.br\/blog\/wp-json\/wp\/v2\/posts\/1353\/revisions"}],"predecessor-version":[{"id":1360,"href":"https:\/\/agenciaunicom.com.br\/blog\/wp-json\/wp\/v2\/posts\/1353\/revisions\/1360"}],"wp:featuredmedia":[{"embeddable":true,"href":"https:\/\/agenciaunicom.com.br\/blog\/wp-json\/wp\/v2\/media\/1359"}],"wp:attachment":[{"href":"https:\/\/agenciaunicom.com.br\/blog\/wp-json\/wp\/v2\/media?parent=1353"}],"wp:term":[{"taxonomy":"category","embeddable":true,"href":"https:\/\/agenciaunicom.com.br\/blog\/wp-json\/wp\/v2\/categories?post=1353"},{"taxonomy":"post_tag","embeddable":true,"href":"https:\/\/agenciaunicom.com.br\/blog\/wp-json\/wp\/v2\/tags?post=1353"}],"curies":[{"name":"wp","href":"https:\/\/api.w.org\/{rel}","templated":true}]}}