{"id":1459,"date":"2026-01-11T13:51:17","date_gmt":"2026-01-11T13:51:17","guid":{"rendered":"https:\/\/agenciaunicom.com.br\/blog\/?p=1459"},"modified":"2026-01-11T13:51:21","modified_gmt":"2026-01-11T13:51:21","slug":"28-milhoes-de-brasileiros-ainda-nao-usam-a-internet","status":"publish","type":"post","link":"https:\/\/agenciaunicom.com.br\/blog\/28-milhoes-de-brasileiros-ainda-nao-usam-a-internet\/","title":{"rendered":"28 milh\u00f5es de brasileiros ainda n\u00e3o usam a internet"},"content":{"rendered":"\n<figure class=\"wp-block-image size-large is-resized\"><img loading=\"lazy\" decoding=\"async\" width=\"1024\" height=\"873\" src=\"https:\/\/agenciaunicom.com.br\/blog\/wp-content\/uploads\/2026\/01\/Internet-brasil-1024x873.jpg\" alt=\"\" class=\"wp-image-1460\" style=\"width:453px;height:auto\" srcset=\"https:\/\/agenciaunicom.com.br\/blog\/wp-content\/uploads\/2026\/01\/Internet-brasil-1024x873.jpg 1024w, https:\/\/agenciaunicom.com.br\/blog\/wp-content\/uploads\/2026\/01\/Internet-brasil-300x256.jpg 300w, https:\/\/agenciaunicom.com.br\/blog\/wp-content\/uploads\/2026\/01\/Internet-brasil-768x655.jpg 768w, https:\/\/agenciaunicom.com.br\/blog\/wp-content\/uploads\/2026\/01\/Internet-brasil-492x420.jpg 492w, https:\/\/agenciaunicom.com.br\/blog\/wp-content\/uploads\/2026\/01\/Internet-brasil-696x594.jpg 696w, https:\/\/agenciaunicom.com.br\/blog\/wp-content\/uploads\/2026\/01\/Internet-brasil-1068x911.jpg 1068w, https:\/\/agenciaunicom.com.br\/blog\/wp-content\/uploads\/2026\/01\/Internet-brasil.jpg 1428w\" sizes=\"auto, (max-width: 1024px) 100vw, 1024px\" \/><\/figure>\n\n\n\n<p>Mesmo com o avan\u00e7o da conectividade, 28 milh\u00f5es de brasileiros ainda n\u00e3o usam a internet, segundo a pesquisa TIC Domic\u00edlios, realizada pelo Centro Regional de Estudos para o Desenvolvimento da Sociedade da Informa\u00e7\u00e3o (Cetic.br).<\/p>\n\n\n\n<p>Hoje, 85% da popula\u00e7\u00e3o est\u00e1 conectada, mas isso n\u00e3o significa igualdade de acesso. A experi\u00eancia digital varia fortemente por renda, territ\u00f3rio, idade e tipo de dispositivo.<\/p>\n\n\n\n<p>\u2023 A maioria dos n\u00e3o usu\u00e1rios est\u00e1 nas classes D e E, tem 60 anos ou mais e aponta como principais barreiras n\u00e3o saber usar ou n\u00e3o ter interesse tecnologia.<\/p>\n\n\n\n<p>\u2023 Entre os conectados, o desafio muda de forma. O Brasil avan\u00e7a em acesso, mas ainda falha em conectividade significativa. Velocidade inst\u00e1vel, franquias limitadas, depend\u00eancia exclusiva do celular e aus\u00eancia de infraestrutura adequada criam uma internet de &#8220;primeira&#8221; e &#8220;segunda&#8221; classe.<\/p>\n\n\n\n<p>Estar online n\u00e3o \u00e9 o mesmo que conseguir estudar, trabalhar, acessar servi\u00e7os p\u00fablicos ou exercer cidadania digital.<\/p>\n\n\n\n<p>O Centro Regional de Estudos para o Desenvolvimento da Sociedade da Informa\u00e7\u00e3o (Cetic.br) tem a miss\u00e3o de monitorar a ado\u00e7\u00e3o das tecnologias de informa\u00e7\u00e3o e comunica\u00e7\u00e3o (TIC) no Brasil. Criado em 2005, o Cetic.br \u00e9 um departamento do N\u00facleo de Informa\u00e7\u00e3o e Coordena\u00e7\u00e3o do Ponto BR (NIC.br), ligado ao Comit\u00ea Gestor da Internet do Brasil (CGI.br).<\/p>\n\n\n\n<p><em>Fonte: Martha Gabriel<\/em><\/p>\n","protected":false},"excerpt":{"rendered":"<p>Mesmo com o avan\u00e7o da conectividade, 28 milh\u00f5es de brasileiros ainda n\u00e3o usam a internet, segundo a pesquisa TIC Domic\u00edlios, realizada pelo Centro Regional de Estudos para o Desenvolvimento da Sociedade da Informa\u00e7\u00e3o (Cetic.br). Hoje, 85% da popula\u00e7\u00e3o est\u00e1 conectada, mas isso n\u00e3o significa igualdade de acesso. A experi\u00eancia digital varia fortemente por renda, territ\u00f3rio, [&hellip;]<\/p>\n","protected":false},"author":1,"featured_media":1460,"comment_status":"open","ping_status":"open","sticky":false,"template":"","format":"standard","meta":{"om_disable_all_campaigns":false,"footnotes":""},"categories":[16],"tags":[83,318,324,325,323],"class_list":{"0":"post-1459","1":"post","2":"type-post","3":"status-publish","4":"format-standard","5":"has-post-thumbnail","7":"category-noticias","8":"tag-brasil","9":"tag-cidadania","10":"tag-conexao","11":"tag-digital","12":"tag-internet"},"_links":{"self":[{"href":"https:\/\/agenciaunicom.com.br\/blog\/wp-json\/wp\/v2\/posts\/1459","targetHints":{"allow":["GET"]}}],"collection":[{"href":"https:\/\/agenciaunicom.com.br\/blog\/wp-json\/wp\/v2\/posts"}],"about":[{"href":"https:\/\/agenciaunicom.com.br\/blog\/wp-json\/wp\/v2\/types\/post"}],"author":[{"embeddable":true,"href":"https:\/\/agenciaunicom.com.br\/blog\/wp-json\/wp\/v2\/users\/1"}],"replies":[{"embeddable":true,"href":"https:\/\/agenciaunicom.com.br\/blog\/wp-json\/wp\/v2\/comments?post=1459"}],"version-history":[{"count":1,"href":"https:\/\/agenciaunicom.com.br\/blog\/wp-json\/wp\/v2\/posts\/1459\/revisions"}],"predecessor-version":[{"id":1461,"href":"https:\/\/agenciaunicom.com.br\/blog\/wp-json\/wp\/v2\/posts\/1459\/revisions\/1461"}],"wp:featuredmedia":[{"embeddable":true,"href":"https:\/\/agenciaunicom.com.br\/blog\/wp-json\/wp\/v2\/media\/1460"}],"wp:attachment":[{"href":"https:\/\/agenciaunicom.com.br\/blog\/wp-json\/wp\/v2\/media?parent=1459"}],"wp:term":[{"taxonomy":"category","embeddable":true,"href":"https:\/\/agenciaunicom.com.br\/blog\/wp-json\/wp\/v2\/categories?post=1459"},{"taxonomy":"post_tag","embeddable":true,"href":"https:\/\/agenciaunicom.com.br\/blog\/wp-json\/wp\/v2\/tags?post=1459"}],"curies":[{"name":"wp","href":"https:\/\/api.w.org\/{rel}","templated":true}]}}